{"id":5865,"date":"2025-10-06T18:48:13","date_gmt":"2025-10-06T16:48:13","guid":{"rendered":"https:\/\/modisprem.com\/sostenibilidad-para-impulsar-la-competitividad-empresarial\/"},"modified":"2025-10-09T13:54:30","modified_gmt":"2025-10-09T11:54:30","slug":"sostenibilidad-para-impulsar-la-competitividad-empresarial","status":"publish","type":"post","link":"https:\/\/modisprem.com\/fr\/sostenibilidad-para-impulsar-la-competitividad-empresarial\/","title":{"rendered":"Modisprem \u00ab La durabilit\u00e9 pour stimuler la comp\u00e9titivit\u00e9 des entreprises \u00bb"},"content":{"rendered":"<p>\u201cModisprem S.A. assiste et participe \u00e0 l&rsquo;\u00e9v\u00e9nement \u00ab La durabilit\u00e9 pour stimuler la comp\u00e9titivit\u00e9 des entreprises \u00bb, o\u00f9 le Pacte mondial des Nations unies c\u00e9l\u00e8bre le 10e anniversaire de la publication des objectifs de d\u00e9veloppement durable (ODD) et rend hommage les entreprises aragonaises ayant adh\u00e9r\u00e9 au Pacte mondial des Nations unies en 2025, parmi lesquelles Modisprem S.A. qui r\u00e9affirme ainsi son engagement en faveur de la durabilit\u00e9 des entreprises.\u201d<\/p>\n<p><a ref=\"magnificPopup\" href=\"https:\/\/modisprem.com\/wp-content\/uploads\/2025\/10\/empresas-aragon.png\"><img loading=\"lazy\" decoding=\"async\" class=\"aligncenter size-full wp-image-5857\" src=\"https:\/\/modisprem.com\/wp-content\/uploads\/2025\/10\/empresas-aragon.png\" alt=\"empresas aragon\" width=\"881\" height=\"790\" srcset=\"https:\/\/modisprem.com\/wp-content\/uploads\/2025\/10\/empresas-aragon.png 881w, https:\/\/modisprem.com\/wp-content\/uploads\/2025\/10\/empresas-aragon-300x269.png 300w, https:\/\/modisprem.com\/wp-content\/uploads\/2025\/10\/empresas-aragon-24x22.png 24w, https:\/\/modisprem.com\/wp-content\/uploads\/2025\/10\/empresas-aragon-36x32.png 36w, https:\/\/modisprem.com\/wp-content\/uploads\/2025\/10\/empresas-aragon-48x43.png 48w\" sizes=\"auto, (max-width: 881px) 100vw, 881px\" \/><\/a><\/p>\n<p><a ref=\"magnificPopup\" href=\"https:\/\/modisprem.com\/wp-content\/uploads\/2025\/10\/10aniversario-1.png\"><img loading=\"lazy\" decoding=\"async\" class=\"aligncenter size-full wp-image-5914\" src=\"https:\/\/modisprem.com\/wp-content\/uploads\/2025\/10\/10aniversario-1.png\" alt=\"10aniversario\" width=\"881\" height=\"790\" srcset=\"https:\/\/modisprem.com\/wp-content\/uploads\/2025\/10\/10aniversario-1.png 881w, https:\/\/modisprem.com\/wp-content\/uploads\/2025\/10\/10aniversario-1-300x269.png 300w, https:\/\/modisprem.com\/wp-content\/uploads\/2025\/10\/10aniversario-1-24x22.png 24w, https:\/\/modisprem.com\/wp-content\/uploads\/2025\/10\/10aniversario-1-36x32.png 36w, https:\/\/modisprem.com\/wp-content\/uploads\/2025\/10\/10aniversario-1-48x43.png 48w\" sizes=\"auto, (max-width: 881px) 100vw, 881px\" \/><\/a><\/p>\n<p>&nbsp;<\/p>\n<p>Dpto. Comunicaci\u00f3n MODISPREM<\/p>\n","protected":false},"excerpt":{"rendered":"<p>\u201cModisprem S.A. assiste et participe \u00e0 l&rsquo;\u00e9v\u00e9nement \u00ab La durabilit\u00e9 pour stimuler la comp\u00e9titivit\u00e9 des entreprises \u00bb, o\u00f9 le Pacte mondial des Nations unies c\u00e9l\u00e8bre le 10e anniversaire de la publication des objectifs de d\u00e9veloppement durable (ODD) et rend hommage les entreprises aragonaises ayant adh\u00e9r\u00e9 au Pacte mondial des Nations unies en 2025, parmi lesquelles&#8230;<\/p>\n","protected":false},"author":1,"featured_media":5859,"comment_status":"closed","ping_status":"closed","sticky":false,"template":"","format":"standard","meta":{"footnotes":""},"categories":[28],"tags":[],"class_list":["post-5865","post","type-post","status-publish","format-standard","has-post-thumbnail","hentry","category-corporativas-fr"],"_links":{"self":[{"href":"https:\/\/modisprem.com\/fr\/wp-json\/wp\/v2\/posts\/5865","targetHints":{"allow":["GET"]}}],"collection":[{"href":"https:\/\/modisprem.com\/fr\/wp-json\/wp\/v2\/posts"}],"about":[{"href":"https:\/\/modisprem.com\/fr\/wp-json\/wp\/v2\/types\/post"}],"author":[{"embeddable":true,"href":"https:\/\/modisprem.com\/fr\/wp-json\/wp\/v2\/users\/1"}],"replies":[{"embeddable":true,"href":"https:\/\/modisprem.com\/fr\/wp-json\/wp\/v2\/comments?post=5865"}],"version-history":[{"count":2,"href":"https:\/\/modisprem.com\/fr\/wp-json\/wp\/v2\/posts\/5865\/revisions"}],"predecessor-version":[{"id":5920,"href":"https:\/\/modisprem.com\/fr\/wp-json\/wp\/v2\/posts\/5865\/revisions\/5920"}],"wp:featuredmedia":[{"embeddable":true,"href":"https:\/\/modisprem.com\/fr\/wp-json\/wp\/v2\/media\/5859"}],"wp:attachment":[{"href":"https:\/\/modisprem.com\/fr\/wp-json\/wp\/v2\/media?parent=5865"}],"wp:term":[{"taxonomy":"category","embeddable":true,"href":"https:\/\/modisprem.com\/fr\/wp-json\/wp\/v2\/categories?post=5865"},{"taxonomy":"post_tag","embeddable":true,"href":"https:\/\/modisprem.com\/fr\/wp-json\/wp\/v2\/tags?post=5865"}],"curies":[{"name":"wp","href":"https:\/\/api.w.org\/{rel}","templated":true}]}}