{"id":5816,"date":"2025-06-11T11:19:38","date_gmt":"2025-06-11T09:19:38","guid":{"rendered":"https:\/\/modisprem.com\/modisprem-green-foam\/"},"modified":"2025-06-11T11:24:32","modified_gmt":"2025-06-11T09:24:32","slug":"modisprem-green-foam","status":"publish","type":"post","link":"https:\/\/modisprem.com\/fr\/modisprem-green-foam\/","title":{"rendered":"Modisprem GREEN FOAM"},"content":{"rendered":"<p>Prot\u00e9ger et \u00eatre durable \u00e0 la fois ? Avec GREEN FOAM, la r\u00e9ponse est oui.<br \/>\nChez Modisprem, nous comprenons que la s\u00e9curit\u00e9 et la durabilit\u00e9 sont tout aussi importantes. C\u2019est pourquoi nous avons cr\u00e9\u00e9 GREEN FOAM, notre ligne d\u2019emballages techniques fabriqu\u00e9s \u00e0 partir de mat\u00e9riaux recycl\u00e9s et recyclables.<br \/>\nGREEN FOAM offre une protection maximale pendant le transport, en absorbant les impacts et en maintenant l\u2019int\u00e9grit\u00e9 de vos produits. De plus, il est con\u00e7u en pensant \u00e0 l\u2019environnement, contribuant ainsi \u00e0 r\u00e9duire l\u2019empreinte \u00e9cologique sans sacrifier la qualit\u00e9 ni la r\u00e9sistance.<br \/>\nVous voulez savoir comment GREEN FOAM peut vous aider \u00e0 prot\u00e9ger ce qui compte le plus ?<\/p>\n<p>Contactez-nous et d\u00e9couvrez la solution parfaite pour votre projet.<\/p>\n<p><a ref=\"magnificPopup\" href=\"https:\/\/modisprem.com\/wp-content\/uploads\/2025\/06\/green-foam.png\"><img loading=\"lazy\" decoding=\"async\" class=\"aligncenter size-full wp-image-5808\" src=\"https:\/\/modisprem.com\/wp-content\/uploads\/2025\/06\/green-foam.png\" alt=\"GREEN FOAM\" width=\"881\" height=\"790\" srcset=\"https:\/\/modisprem.com\/wp-content\/uploads\/2025\/06\/green-foam.png 881w, https:\/\/modisprem.com\/wp-content\/uploads\/2025\/06\/green-foam-300x269.png 300w, https:\/\/modisprem.com\/wp-content\/uploads\/2025\/06\/green-foam-24x22.png 24w, https:\/\/modisprem.com\/wp-content\/uploads\/2025\/06\/green-foam-36x32.png 36w, https:\/\/modisprem.com\/wp-content\/uploads\/2025\/06\/green-foam-48x43.png 48w\" sizes=\"auto, (max-width: 881px) 100vw, 881px\" \/><\/a><\/p>\n<p>Dpto. Comunicaci\u00f3n MODISPREM<\/p>\n","protected":false},"excerpt":{"rendered":"<p>Prot\u00e9ger et \u00eatre durable \u00e0 la fois ? Avec GREEN FOAM, la r\u00e9ponse est oui. Chez Modisprem, nous comprenons que la s\u00e9curit\u00e9 et la durabilit\u00e9 sont tout aussi importantes. C\u2019est pourquoi nous avons cr\u00e9\u00e9 GREEN FOAM, notre ligne d\u2019emballages techniques fabriqu\u00e9s \u00e0 partir de mat\u00e9riaux recycl\u00e9s et recyclables. GREEN FOAM offre une protection maximale pendant&#8230;<\/p>\n","protected":false},"author":1,"featured_media":5810,"comment_status":"closed","ping_status":"closed","sticky":false,"template":"","format":"standard","meta":{"footnotes":""},"categories":[33,28],"tags":[],"class_list":["post-5816","post","type-post","status-publish","format-standard","has-post-thumbnail","hentry","category-catalogo-fr","category-corporativas-fr"],"_links":{"self":[{"href":"https:\/\/modisprem.com\/fr\/wp-json\/wp\/v2\/posts\/5816","targetHints":{"allow":["GET"]}}],"collection":[{"href":"https:\/\/modisprem.com\/fr\/wp-json\/wp\/v2\/posts"}],"about":[{"href":"https:\/\/modisprem.com\/fr\/wp-json\/wp\/v2\/types\/post"}],"author":[{"embeddable":true,"href":"https:\/\/modisprem.com\/fr\/wp-json\/wp\/v2\/users\/1"}],"replies":[{"embeddable":true,"href":"https:\/\/modisprem.com\/fr\/wp-json\/wp\/v2\/comments?post=5816"}],"version-history":[{"count":1,"href":"https:\/\/modisprem.com\/fr\/wp-json\/wp\/v2\/posts\/5816\/revisions"}],"predecessor-version":[{"id":5819,"href":"https:\/\/modisprem.com\/fr\/wp-json\/wp\/v2\/posts\/5816\/revisions\/5819"}],"wp:featuredmedia":[{"embeddable":true,"href":"https:\/\/modisprem.com\/fr\/wp-json\/wp\/v2\/media\/5810"}],"wp:attachment":[{"href":"https:\/\/modisprem.com\/fr\/wp-json\/wp\/v2\/media?parent=5816"}],"wp:term":[{"taxonomy":"category","embeddable":true,"href":"https:\/\/modisprem.com\/fr\/wp-json\/wp\/v2\/categories?post=5816"},{"taxonomy":"post_tag","embeddable":true,"href":"https:\/\/modisprem.com\/fr\/wp-json\/wp\/v2\/tags?post=5816"}],"curies":[{"name":"wp","href":"https:\/\/api.w.org\/{rel}","templated":true}]}}