{"id":5794,"date":"2025-05-27T13:13:37","date_gmt":"2025-05-27T11:13:37","guid":{"rendered":"https:\/\/modisprem.com\/modisprem-en-autorevista\/"},"modified":"2025-05-27T13:27:16","modified_gmt":"2025-05-27T11:27:16","slug":"modisprem-en-autorevista","status":"publish","type":"post","link":"https:\/\/modisprem.com\/fr\/modisprem-en-autorevista\/","title":{"rendered":"Modisprem dans AutoRevista"},"content":{"rendered":"<p>Modisprem dans AutoRevista : notre vision de l&rsquo;avenir de l&rsquo;industrie automobile<\/p>\n<p>Le secteur automobile conna\u00eet une transformation profonde. L&rsquo;\u00e9lectrification, l&rsquo;efficacit\u00e9 \u00e9nerg\u00e9tique et la durabilit\u00e9 marquent une nouvelle \u00e8re dans l&rsquo;industrie, et chez Modisprem, nous sommes fiers de participer activement \u00e0 ce changement.<\/p>\n<p>Nous avons r\u00e9cemment eu l&rsquo;occasion de partager notre vision dans le magazine AutoRevista, une publication de r\u00e9f\u00e9rence dans le secteur, o\u00f9 nous avons soulign\u00e9 comment la proximit\u00e9, l&rsquo;agilit\u00e9 et les connaissances techniques sont devenues des facteurs cl\u00e9s pour r\u00e9pondre aux nouvelles exigences du march\u00e9.<\/p>\n<p>L&rsquo;Aragon se positionne comme l&rsquo;un des centres n\u00e9vralgiques de cette transformation. Sa situation strat\u00e9gique, l&rsquo;implication des entreprises et la collaboration entre les acteurs de l&rsquo;\u00e9cosyst\u00e8me permettent de r\u00e9duire les co\u00fbts logistiques, de raccourcir les d\u00e9lais de d\u00e9veloppement et d&rsquo;apporter une plus grande flexibilit\u00e9 aux projets.<\/p>\n<p>Chez Modisprem, nous apportons notre exp\u00e9rience en tant que transformateurs de mousses techniques pour les v\u00e9hicules d&rsquo;aujourd&rsquo;hui et de demain, en proposant des solutions d&rsquo;isolation, de protection et de confort, toujours avec un regard tourn\u00e9 vers l&rsquo;innovation durable.<\/p>\n<p>Nous continuons \u00e0 avancer, avec ardeur et responsabilit\u00e9, vers une industrie automobile plus durable et pr\u00eate pour les d\u00e9fis de demain.<\/p>\n<p>&nbsp;<\/p>\n<p><img loading=\"lazy\" decoding=\"async\" class=\"aligncenter size-full wp-image-5758\" src=\"https:\/\/modisprem.com\/wp-content\/uploads\/2025\/05\/revista-de-prensa.jpg\" alt=\"Revista de Prensa\" width=\"1128\" height=\"848\" srcset=\"https:\/\/modisprem.com\/wp-content\/uploads\/2025\/05\/revista-de-prensa.jpg 1128w, https:\/\/modisprem.com\/wp-content\/uploads\/2025\/05\/revista-de-prensa-300x226.jpg 300w, https:\/\/modisprem.com\/wp-content\/uploads\/2025\/05\/revista-de-prensa-1024x770.jpg 1024w, https:\/\/modisprem.com\/wp-content\/uploads\/2025\/05\/revista-de-prensa-24x18.jpg 24w, https:\/\/modisprem.com\/wp-content\/uploads\/2025\/05\/revista-de-prensa-36x27.jpg 36w, https:\/\/modisprem.com\/wp-content\/uploads\/2025\/05\/revista-de-prensa-48x36.jpg 48w\" sizes=\"auto, (max-width: 1128px) 100vw, 1128px\" \/><\/p>\n<p><strong>D\u00e9partement de la communication de MODISPREM<\/strong><\/p>\n","protected":false},"excerpt":{"rendered":"<p>Modisprem dans AutoRevista : notre vision de l&rsquo;avenir de l&rsquo;industrie automobile Le secteur automobile conna\u00eet une transformation profonde. L&rsquo;\u00e9lectrification, l&rsquo;efficacit\u00e9 \u00e9nerg\u00e9tique et la durabilit\u00e9 marquent une nouvelle \u00e8re dans l&rsquo;industrie, et chez Modisprem, nous sommes fiers de participer activement \u00e0 ce changement. Nous avons r\u00e9cemment eu l&rsquo;occasion de partager notre vision dans le magazine AutoRevista,&#8230;<\/p>\n","protected":false},"author":1,"featured_media":5791,"comment_status":"closed","ping_status":"closed","sticky":false,"template":"","format":"standard","meta":{"footnotes":""},"categories":[28],"tags":[],"class_list":["post-5794","post","type-post","status-publish","format-standard","has-post-thumbnail","hentry","category-corporativas-fr"],"_links":{"self":[{"href":"https:\/\/modisprem.com\/fr\/wp-json\/wp\/v2\/posts\/5794","targetHints":{"allow":["GET"]}}],"collection":[{"href":"https:\/\/modisprem.com\/fr\/wp-json\/wp\/v2\/posts"}],"about":[{"href":"https:\/\/modisprem.com\/fr\/wp-json\/wp\/v2\/types\/post"}],"author":[{"embeddable":true,"href":"https:\/\/modisprem.com\/fr\/wp-json\/wp\/v2\/users\/1"}],"replies":[{"embeddable":true,"href":"https:\/\/modisprem.com\/fr\/wp-json\/wp\/v2\/comments?post=5794"}],"version-history":[{"count":2,"href":"https:\/\/modisprem.com\/fr\/wp-json\/wp\/v2\/posts\/5794\/revisions"}],"predecessor-version":[{"id":5799,"href":"https:\/\/modisprem.com\/fr\/wp-json\/wp\/v2\/posts\/5794\/revisions\/5799"}],"wp:featuredmedia":[{"embeddable":true,"href":"https:\/\/modisprem.com\/fr\/wp-json\/wp\/v2\/media\/5791"}],"wp:attachment":[{"href":"https:\/\/modisprem.com\/fr\/wp-json\/wp\/v2\/media?parent=5794"}],"wp:term":[{"taxonomy":"category","embeddable":true,"href":"https:\/\/modisprem.com\/fr\/wp-json\/wp\/v2\/categories?post=5794"},{"taxonomy":"post_tag","embeddable":true,"href":"https:\/\/modisprem.com\/fr\/wp-json\/wp\/v2\/tags?post=5794"}],"curies":[{"name":"wp","href":"https:\/\/api.w.org\/{rel}","templated":true}]}}