{"id":5230,"date":"2024-11-25T19:32:39","date_gmt":"2024-11-25T18:32:39","guid":{"rendered":"https:\/\/modisprem.com\/modisprem-finalista-en-los-premios-adea-2024-en-promocion-exterior\/"},"modified":"2025-03-26T13:23:22","modified_gmt":"2025-03-26T12:23:22","slug":"modisprem-finaliste-des-prix-de-ladea-pour-la-promotion-a-letranger-2024","status":"publish","type":"post","link":"https:\/\/modisprem.com\/fr\/modisprem-finaliste-des-prix-de-ladea-pour-la-promotion-a-letranger-2024\/","title":{"rendered":"MODISPREM, FINALISTE DES PRIX DE L&rsquo;ADEA POUR LA PROMOTION \u00c0 L&rsquo;\u00c9TRANGER 2024"},"content":{"rendered":"<p><strong>MODISPREM a \u00e9t\u00e9 reconnue comme finaliste de la XVe \u00e9dition des Prix ADEA, dans la cat\u00e9gorie Promotion Internationale, pour son engagement continu en faveur de l&rsquo;internationalisation.<\/strong><\/p>\n<p>L&rsquo;\u00e9v\u00e9nement a eu lieu le <strong>19 novembre 2024<\/strong>, dans la <strong>Salle Mozart de l&rsquo;Auditorium de Saragosse<\/strong>, en pr\u00e9sence d\u2019entreprises et de dirigeants de premier plan de la r\u00e9gion d&rsquo;Aragon.<br \/>\nCette nomination repr\u00e9sente une reconnaissance de l\u2019effort collectif de toute l\u2019\u00e9quipe de MODISPREM.<br \/>\nNous f\u00e9licitons tous les finalistes et laur\u00e9ats, et remercions sinc\u00e8rement <strong>l\u2019ADEA<\/strong> pour cette distinction.<br \/>\nNous continuerons \u00e0 miser sur <strong>l\u2019innovation<\/strong>, la <strong>durabilit\u00e9<\/strong> et <strong>l\u2019expansion internationale<\/strong> comme axes strat\u00e9giques de notre croissance.<\/p>\n<p><strong>Merci de nous accompagner sur ce chemin !<\/strong><\/p>\n<p><img loading=\"lazy\" decoding=\"async\" class=\"size-full wp-image-5227 aligncenter\" src=\"https:\/\/modisprem.com\/wp-content\/uploads\/2025\/03\/ADEA.png\" alt=\"ADEA\" width=\"366\" height=\"526\" srcset=\"https:\/\/modisprem.com\/wp-content\/uploads\/2025\/03\/ADEA.png 366w, https:\/\/modisprem.com\/wp-content\/uploads\/2025\/03\/ADEA-209x300.png 209w, https:\/\/modisprem.com\/wp-content\/uploads\/2025\/03\/ADEA-17x24.png 17w, https:\/\/modisprem.com\/wp-content\/uploads\/2025\/03\/ADEA-25x36.png 25w, https:\/\/modisprem.com\/wp-content\/uploads\/2025\/03\/ADEA-33x48.png 33w\" sizes=\"auto, (max-width: 366px) 100vw, 366px\" \/><\/p>\n<p>&nbsp;<\/p>\n<p><strong>D\u00e9partement de la communication de MODISPREM<\/strong><\/p>\n","protected":false},"excerpt":{"rendered":"<p>MODISPREM a \u00e9t\u00e9 reconnue comme finaliste de la XVe \u00e9dition des Prix ADEA, dans la cat\u00e9gorie Promotion Internationale, pour son engagement continu en faveur de l&rsquo;internationalisation. L&rsquo;\u00e9v\u00e9nement a eu lieu le 19 novembre 2024, dans la Salle Mozart de l&rsquo;Auditorium de Saragosse, en pr\u00e9sence d\u2019entreprises et de dirigeants de premier plan de la r\u00e9gion d&rsquo;Aragon&#8230;.<\/p>\n","protected":false},"author":1,"featured_media":5241,"comment_status":"closed","ping_status":"closed","sticky":false,"template":"","format":"standard","meta":{"footnotes":""},"categories":[28,29],"tags":[],"class_list":["post-5230","post","type-post","status-publish","format-standard","has-post-thumbnail","hentry","category-corporativas-fr","category-reconocimientos-fr"],"_links":{"self":[{"href":"https:\/\/modisprem.com\/fr\/wp-json\/wp\/v2\/posts\/5230","targetHints":{"allow":["GET"]}}],"collection":[{"href":"https:\/\/modisprem.com\/fr\/wp-json\/wp\/v2\/posts"}],"about":[{"href":"https:\/\/modisprem.com\/fr\/wp-json\/wp\/v2\/types\/post"}],"author":[{"embeddable":true,"href":"https:\/\/modisprem.com\/fr\/wp-json\/wp\/v2\/users\/1"}],"replies":[{"embeddable":true,"href":"https:\/\/modisprem.com\/fr\/wp-json\/wp\/v2\/comments?post=5230"}],"version-history":[{"count":3,"href":"https:\/\/modisprem.com\/fr\/wp-json\/wp\/v2\/posts\/5230\/revisions"}],"predecessor-version":[{"id":5245,"href":"https:\/\/modisprem.com\/fr\/wp-json\/wp\/v2\/posts\/5230\/revisions\/5245"}],"wp:featuredmedia":[{"embeddable":true,"href":"https:\/\/modisprem.com\/fr\/wp-json\/wp\/v2\/media\/5241"}],"wp:attachment":[{"href":"https:\/\/modisprem.com\/fr\/wp-json\/wp\/v2\/media?parent=5230"}],"wp:term":[{"taxonomy":"category","embeddable":true,"href":"https:\/\/modisprem.com\/fr\/wp-json\/wp\/v2\/categories?post=5230"},{"taxonomy":"post_tag","embeddable":true,"href":"https:\/\/modisprem.com\/fr\/wp-json\/wp\/v2\/tags?post=5230"}],"curies":[{"name":"wp","href":"https:\/\/api.w.org\/{rel}","templated":true}]}}