{"id":5866,"date":"2025-10-06T18:48:13","date_gmt":"2025-10-06T16:48:13","guid":{"rendered":"https:\/\/modisprem.com\/sostenibilidad-para-impulsar-la-competitividad-empresarial\/"},"modified":"2025-10-09T13:54:53","modified_gmt":"2025-10-09T11:54:53","slug":"sostenibilidad-para-impulsar-la-competitividad-empresarial","status":"publish","type":"post","link":"https:\/\/modisprem.com\/de\/sostenibilidad-para-impulsar-la-competitividad-empresarial\/","title":{"rendered":"Modisprem \u201eNachhaltigkeit zur F\u00f6rderung der Wettbewerbsf\u00e4higkeit von Unternehmen\u201d"},"content":{"rendered":"<p>\u201cModisprem S.A. nimmt an der Veranstaltung \u201eNachhaltigkeit zur F\u00f6rderung der Wettbewerbsf\u00e4higkeit von Unternehmen\u201d teil, bei der der Global Compact der Vereinten Nationen den 10. Jahrestag der Ver\u00f6ffentlichung der Ziele f\u00fcr nachhaltige Entwicklung (SDGs) feiert und gleichzeitig die aragonesischen Unternehmen w\u00fcrdigt, die dem Global Compact der Vereinten Nationen im Jahr 2025 beigetreten sind, darunter Modisprem S.A., das damit sein Engagement f\u00fcr die Erreichung der Unternehmensnachhaltigkeit bekr\u00e4ftigt.\u201d<\/p>\n<p><a ref=\"magnificPopup\" href=\"https:\/\/modisprem.com\/wp-content\/uploads\/2025\/10\/empresas-aragon.png\"><img loading=\"lazy\" decoding=\"async\" class=\"aligncenter size-full wp-image-5857\" src=\"https:\/\/modisprem.com\/wp-content\/uploads\/2025\/10\/empresas-aragon.png\" alt=\"empresas aragon\" width=\"881\" height=\"790\" srcset=\"https:\/\/modisprem.com\/wp-content\/uploads\/2025\/10\/empresas-aragon.png 881w, https:\/\/modisprem.com\/wp-content\/uploads\/2025\/10\/empresas-aragon-300x269.png 300w, https:\/\/modisprem.com\/wp-content\/uploads\/2025\/10\/empresas-aragon-24x22.png 24w, https:\/\/modisprem.com\/wp-content\/uploads\/2025\/10\/empresas-aragon-36x32.png 36w, https:\/\/modisprem.com\/wp-content\/uploads\/2025\/10\/empresas-aragon-48x43.png 48w\" sizes=\"auto, (max-width: 881px) 100vw, 881px\" \/><\/a><\/p>\n<p><a ref=\"magnificPopup\" href=\"https:\/\/modisprem.com\/wp-content\/uploads\/2025\/10\/10aniversario-1.png\"><img loading=\"lazy\" decoding=\"async\" class=\"aligncenter size-full wp-image-5915\" src=\"https:\/\/modisprem.com\/wp-content\/uploads\/2025\/10\/10aniversario-1.png\" alt=\"10aniversario\" width=\"881\" height=\"790\" srcset=\"https:\/\/modisprem.com\/wp-content\/uploads\/2025\/10\/10aniversario-1.png 881w, https:\/\/modisprem.com\/wp-content\/uploads\/2025\/10\/10aniversario-1-300x269.png 300w, https:\/\/modisprem.com\/wp-content\/uploads\/2025\/10\/10aniversario-1-24x22.png 24w, https:\/\/modisprem.com\/wp-content\/uploads\/2025\/10\/10aniversario-1-36x32.png 36w, https:\/\/modisprem.com\/wp-content\/uploads\/2025\/10\/10aniversario-1-48x43.png 48w\" sizes=\"auto, (max-width: 881px) 100vw, 881px\" \/><\/a><\/p>\n<p>&nbsp;<\/p>\n<p>Dpto. Comunicaci\u00f3n MODISPREM<\/p>\n","protected":false},"excerpt":{"rendered":"<p>\u201cModisprem S.A. nimmt an der Veranstaltung \u201eNachhaltigkeit zur F\u00f6rderung der Wettbewerbsf\u00e4higkeit von Unternehmen\u201d teil, bei der der Global Compact der Vereinten Nationen den 10. Jahrestag der Ver\u00f6ffentlichung der Ziele f\u00fcr nachhaltige Entwicklung (SDGs) feiert und gleichzeitig die aragonesischen Unternehmen w\u00fcrdigt, die dem Global Compact der Vereinten Nationen im Jahr 2025 beigetreten sind, darunter Modisprem S.A.,&#8230;<\/p>\n","protected":false},"author":1,"featured_media":5860,"comment_status":"closed","ping_status":"closed","sticky":false,"template":"","format":"standard","meta":{"footnotes":""},"categories":[30],"tags":[],"class_list":["post-5866","post","type-post","status-publish","format-standard","has-post-thumbnail","hentry","category-corporativas-de"],"_links":{"self":[{"href":"https:\/\/modisprem.com\/de\/wp-json\/wp\/v2\/posts\/5866","targetHints":{"allow":["GET"]}}],"collection":[{"href":"https:\/\/modisprem.com\/de\/wp-json\/wp\/v2\/posts"}],"about":[{"href":"https:\/\/modisprem.com\/de\/wp-json\/wp\/v2\/types\/post"}],"author":[{"embeddable":true,"href":"https:\/\/modisprem.com\/de\/wp-json\/wp\/v2\/users\/1"}],"replies":[{"embeddable":true,"href":"https:\/\/modisprem.com\/de\/wp-json\/wp\/v2\/comments?post=5866"}],"version-history":[{"count":2,"href":"https:\/\/modisprem.com\/de\/wp-json\/wp\/v2\/posts\/5866\/revisions"}],"predecessor-version":[{"id":5921,"href":"https:\/\/modisprem.com\/de\/wp-json\/wp\/v2\/posts\/5866\/revisions\/5921"}],"wp:featuredmedia":[{"embeddable":true,"href":"https:\/\/modisprem.com\/de\/wp-json\/wp\/v2\/media\/5860"}],"wp:attachment":[{"href":"https:\/\/modisprem.com\/de\/wp-json\/wp\/v2\/media?parent=5866"}],"wp:term":[{"taxonomy":"category","embeddable":true,"href":"https:\/\/modisprem.com\/de\/wp-json\/wp\/v2\/categories?post=5866"},{"taxonomy":"post_tag","embeddable":true,"href":"https:\/\/modisprem.com\/de\/wp-json\/wp\/v2\/tags?post=5866"}],"curies":[{"name":"wp","href":"https:\/\/api.w.org\/{rel}","templated":true}]}}