{"id":5795,"date":"2025-05-27T13:13:37","date_gmt":"2025-05-27T11:13:37","guid":{"rendered":"https:\/\/modisprem.com\/modisprem-en-autorevista\/"},"modified":"2025-05-27T13:28:18","modified_gmt":"2025-05-27T11:28:18","slug":"modisprem-en-autorevista","status":"publish","type":"post","link":"https:\/\/modisprem.com\/de\/modisprem-en-autorevista\/","title":{"rendered":"Modisprem in AutoRevista"},"content":{"rendered":"<p>Modisprem in AutoRevista: unsere Vision f\u00fcr die Zukunft der Automobilindustrie<\/p>\n<p>Die Automobilbranche befindet sich in einem tiefgreifenden Wandel. Elektrifizierung, Energieeffizienz und Nachhaltigkeit pr\u00e4gen eine neue \u00c4ra der Industrie, und bei Modisprem sind wir stolz darauf, aktiv an diesem Wandel mitzuwirken.<\/p>\n<p>K\u00fcrzlich hatten wir die Gelegenheit, unsere Vision in der Zeitschrift AutoRevista, einer f\u00fchrenden Fachpublikation der Branche, zu teilen. Dabei haben wir hervorgehoben, wie N\u00e4he, Agilit\u00e4t und technisches Know-how zu entscheidenden Faktoren geworden sind, um sich an die neuen Anforderungen des Marktes anzupassen.<\/p>\n<p>Aragonien positioniert sich als eines der zentralen Zentren dieser Transformation. Die strategische Lage, das Engagement der Unternehmen und die Zusammenarbeit der Akteure im \u00d6kosystem tragen dazu bei, Logistikkosten zu senken, Entwicklungszeiten zu verk\u00fcrzen und mehr Flexibilit\u00e4t in den Projekten zu erm\u00f6glichen.<\/p>\n<p>Bei Modisprem bringen wir unsere Erfahrung als Verarbeiter technischer Sch\u00e4ume f\u00fcr die Fahrzeuge von heute und morgen ein und bieten L\u00f6sungen f\u00fcr Isolierung, Schutz und Komfort \u2013 stets mit einem Fokus auf nachhaltige Innovation.<\/p>\n<p>Wir gehen mit Begeisterung und Verantwortung weiter voran \u2013 hin zu einer nachhaltigeren und zukunftsorientierten Automobilindustrie.<\/p>\n<p>&nbsp;<\/p>\n<p><img loading=\"lazy\" decoding=\"async\" class=\"aligncenter size-full wp-image-5758\" src=\"https:\/\/modisprem.com\/wp-content\/uploads\/2025\/05\/revista-de-prensa.jpg\" alt=\"Revista de Prensa\" width=\"1128\" height=\"848\" srcset=\"https:\/\/modisprem.com\/wp-content\/uploads\/2025\/05\/revista-de-prensa.jpg 1128w, https:\/\/modisprem.com\/wp-content\/uploads\/2025\/05\/revista-de-prensa-300x226.jpg 300w, https:\/\/modisprem.com\/wp-content\/uploads\/2025\/05\/revista-de-prensa-1024x770.jpg 1024w, https:\/\/modisprem.com\/wp-content\/uploads\/2025\/05\/revista-de-prensa-24x18.jpg 24w, https:\/\/modisprem.com\/wp-content\/uploads\/2025\/05\/revista-de-prensa-36x27.jpg 36w, https:\/\/modisprem.com\/wp-content\/uploads\/2025\/05\/revista-de-prensa-48x36.jpg 48w\" sizes=\"auto, (max-width: 1128px) 100vw, 1128px\" \/><\/p>\n<p><strong>MODISPREM-Kommunikationsabteilung<\/strong><\/p>\n","protected":false},"excerpt":{"rendered":"<p>Modisprem in AutoRevista: unsere Vision f\u00fcr die Zukunft der Automobilindustrie Die Automobilbranche befindet sich in einem tiefgreifenden Wandel. Elektrifizierung, Energieeffizienz und Nachhaltigkeit pr\u00e4gen eine neue \u00c4ra der Industrie, und bei Modisprem sind wir stolz darauf, aktiv an diesem Wandel mitzuwirken. K\u00fcrzlich hatten wir die Gelegenheit, unsere Vision in der Zeitschrift AutoRevista, einer f\u00fchrenden Fachpublikation der&#8230;<\/p>\n","protected":false},"author":1,"featured_media":5792,"comment_status":"closed","ping_status":"closed","sticky":false,"template":"","format":"standard","meta":{"footnotes":""},"categories":[30],"tags":[],"class_list":["post-5795","post","type-post","status-publish","format-standard","has-post-thumbnail","hentry","category-corporativas-de"],"_links":{"self":[{"href":"https:\/\/modisprem.com\/de\/wp-json\/wp\/v2\/posts\/5795","targetHints":{"allow":["GET"]}}],"collection":[{"href":"https:\/\/modisprem.com\/de\/wp-json\/wp\/v2\/posts"}],"about":[{"href":"https:\/\/modisprem.com\/de\/wp-json\/wp\/v2\/types\/post"}],"author":[{"embeddable":true,"href":"https:\/\/modisprem.com\/de\/wp-json\/wp\/v2\/users\/1"}],"replies":[{"embeddable":true,"href":"https:\/\/modisprem.com\/de\/wp-json\/wp\/v2\/comments?post=5795"}],"version-history":[{"count":2,"href":"https:\/\/modisprem.com\/de\/wp-json\/wp\/v2\/posts\/5795\/revisions"}],"predecessor-version":[{"id":5800,"href":"https:\/\/modisprem.com\/de\/wp-json\/wp\/v2\/posts\/5795\/revisions\/5800"}],"wp:featuredmedia":[{"embeddable":true,"href":"https:\/\/modisprem.com\/de\/wp-json\/wp\/v2\/media\/5792"}],"wp:attachment":[{"href":"https:\/\/modisprem.com\/de\/wp-json\/wp\/v2\/media?parent=5795"}],"wp:term":[{"taxonomy":"category","embeddable":true,"href":"https:\/\/modisprem.com\/de\/wp-json\/wp\/v2\/categories?post=5795"},{"taxonomy":"post_tag","embeddable":true,"href":"https:\/\/modisprem.com\/de\/wp-json\/wp\/v2\/tags?post=5795"}],"curies":[{"name":"wp","href":"https:\/\/api.w.org\/{rel}","templated":true}]}}