{"id":5231,"date":"2024-11-25T19:32:39","date_gmt":"2024-11-25T18:32:39","guid":{"rendered":"https:\/\/modisprem.com\/modisprem-finalista-en-los-premios-adea-2024-en-promocion-exterior\/"},"modified":"2025-03-26T13:23:46","modified_gmt":"2025-03-26T12:23:46","slug":"modisprem-finalist-der-adea-awards-fuer-internationale-foerderung-2024","status":"publish","type":"post","link":"https:\/\/modisprem.com\/de\/modisprem-finalist-der-adea-awards-fuer-internationale-foerderung-2024\/","title":{"rendered":"MODISPREM, FINALIST DER ADEA AWARDS F\u00dcR INTERNATIONALE F\u00d6RDERUNG 2024"},"content":{"rendered":"<p><strong>MODISPREM wurde als Finalist der XV. Ausgabe der ADEA-Preise in der Kategorie Internationale F\u00f6rderung ausgezeichnet \u2013 eine Anerkennung f\u00fcr unser kontinuierliches Engagement in der Internationalisierung.<\/strong><\/p>\n<p>Die Veranstaltung fand am <strong>19. November 2024<\/strong> im <strong>Sala Mozart des Auditoriums von Saragossa<\/strong> statt, mit der Teilnahme f\u00fchrender Unternehmen und F\u00fchrungskr\u00e4fte aus der Region Arag\u00f3n.<br \/>\nDie Nominierung stellt eine W\u00fcrdigung der gemeinsamen Anstrengung des gesamten MODISPREM-Teams dar.<\/p>\n<p>Wir gratulieren allen Finalisten und Preistr\u00e4gern herzlich und danken der <strong>ADEA<\/strong> aufrichtig f\u00fcr diese Auszeichnung.<\/p>\n<p>Wir werden weiterhin auf <strong>Innovation<\/strong>, <strong>Nachhaltigkeit<\/strong> und <strong>internationale Expansion<\/strong> als strategische S\u00e4ulen unseres Wachstums setzen.<\/p>\n<p><strong>Vielen Dank, dass Sie uns auf diesem Weg begleiten!<\/strong><\/p>\n<p><img loading=\"lazy\" decoding=\"async\" class=\"size-full wp-image-5228 aligncenter\" src=\"https:\/\/modisprem.com\/wp-content\/uploads\/2025\/03\/ADEA.png\" alt=\"ADEA\" width=\"366\" height=\"526\" srcset=\"https:\/\/modisprem.com\/wp-content\/uploads\/2025\/03\/ADEA.png 366w, https:\/\/modisprem.com\/wp-content\/uploads\/2025\/03\/ADEA-209x300.png 209w, https:\/\/modisprem.com\/wp-content\/uploads\/2025\/03\/ADEA-17x24.png 17w, https:\/\/modisprem.com\/wp-content\/uploads\/2025\/03\/ADEA-25x36.png 25w, https:\/\/modisprem.com\/wp-content\/uploads\/2025\/03\/ADEA-33x48.png 33w\" sizes=\"auto, (max-width: 366px) 100vw, 366px\" \/><\/p>\n<p>&nbsp;<\/p>\n<p>&nbsp;<\/p>\n<p><strong>MODISPREM-Kommunikationsabteilung<\/strong><\/p>\n","protected":false},"excerpt":{"rendered":"<p>MODISPREM wurde als Finalist der XV. Ausgabe der ADEA-Preise in der Kategorie Internationale F\u00f6rderung ausgezeichnet \u2013 eine Anerkennung f\u00fcr unser kontinuierliches Engagement in der Internationalisierung. Die Veranstaltung fand am 19. November 2024 im Sala Mozart des Auditoriums von Saragossa statt, mit der Teilnahme f\u00fchrender Unternehmen und F\u00fchrungskr\u00e4fte aus der Region Arag\u00f3n. Die Nominierung stellt eine&#8230;<\/p>\n","protected":false},"author":1,"featured_media":5242,"comment_status":"closed","ping_status":"closed","sticky":false,"template":"","format":"standard","meta":{"footnotes":""},"categories":[30,31],"tags":[],"class_list":["post-5231","post","type-post","status-publish","format-standard","has-post-thumbnail","hentry","category-corporativas-de","category-reconocimientos-de"],"_links":{"self":[{"href":"https:\/\/modisprem.com\/de\/wp-json\/wp\/v2\/posts\/5231","targetHints":{"allow":["GET"]}}],"collection":[{"href":"https:\/\/modisprem.com\/de\/wp-json\/wp\/v2\/posts"}],"about":[{"href":"https:\/\/modisprem.com\/de\/wp-json\/wp\/v2\/types\/post"}],"author":[{"embeddable":true,"href":"https:\/\/modisprem.com\/de\/wp-json\/wp\/v2\/users\/1"}],"replies":[{"embeddable":true,"href":"https:\/\/modisprem.com\/de\/wp-json\/wp\/v2\/comments?post=5231"}],"version-history":[{"count":3,"href":"https:\/\/modisprem.com\/de\/wp-json\/wp\/v2\/posts\/5231\/revisions"}],"predecessor-version":[{"id":5246,"href":"https:\/\/modisprem.com\/de\/wp-json\/wp\/v2\/posts\/5231\/revisions\/5246"}],"wp:featuredmedia":[{"embeddable":true,"href":"https:\/\/modisprem.com\/de\/wp-json\/wp\/v2\/media\/5242"}],"wp:attachment":[{"href":"https:\/\/modisprem.com\/de\/wp-json\/wp\/v2\/media?parent=5231"}],"wp:term":[{"taxonomy":"category","embeddable":true,"href":"https:\/\/modisprem.com\/de\/wp-json\/wp\/v2\/categories?post=5231"},{"taxonomy":"post_tag","embeddable":true,"href":"https:\/\/modisprem.com\/de\/wp-json\/wp\/v2\/tags?post=5231"}],"curies":[{"name":"wp","href":"https:\/\/api.w.org\/{rel}","templated":true}]}}