{"id":5093,"date":"2024-10-07T17:19:41","date_gmt":"2024-10-07T15:19:41","guid":{"rendered":"https:\/\/modisprem.com\/ampliamos-nuestras-instalaciones-en-la-fabrica-de-zuera-espana\/"},"modified":"2024-10-07T17:25:08","modified_gmt":"2024-10-07T15:25:08","slug":"ampliamos-nuestras-instalaciones-en-la-fabrica-de-zuera-espana","status":"publish","type":"post","link":"https:\/\/modisprem.com\/de\/ampliamos-nuestras-instalaciones-en-la-fabrica-de-zuera-espana\/","title":{"rendered":"WIR ERWEITERN UNSERE EINRICHTUNGEN IM ZUERA-WERK (SPANIEN)"},"content":{"rendered":"<p>Wir haben unsere R\u00e4umlichkeiten im Zuera-Werk um 5.000 m2 erweitert. Wir haben ein neues Lager mit einer Fl\u00e4che von 2.000 m\u00b2 und einer \u00fcberdachten Fl\u00e4che von \u00fcber 18.000 m\u00b2 gebaut. Modisprem w\u00e4chst so, um der wachsenden Nachfrage unserer Kunden und des Marktes gerecht zu werden.<\/p>\n<p>&nbsp;<\/p>\n<p><img loading=\"lazy\" decoding=\"async\" class=\"aligncenter wp-image-5086\" src=\"https:\/\/modisprem.com\/wp-content\/uploads\/2024\/10\/Ampliacion.jpg\" alt=\"Ampliacion\" width=\"486\" height=\"365\" srcset=\"https:\/\/modisprem.com\/wp-content\/uploads\/2024\/10\/Ampliacion.jpg 1128w, https:\/\/modisprem.com\/wp-content\/uploads\/2024\/10\/Ampliacion-300x226.jpg 300w, https:\/\/modisprem.com\/wp-content\/uploads\/2024\/10\/Ampliacion-1024x770.jpg 1024w, https:\/\/modisprem.com\/wp-content\/uploads\/2024\/10\/Ampliacion-24x18.jpg 24w, https:\/\/modisprem.com\/wp-content\/uploads\/2024\/10\/Ampliacion-36x27.jpg 36w, https:\/\/modisprem.com\/wp-content\/uploads\/2024\/10\/Ampliacion-48x36.jpg 48w\" sizes=\"auto, (max-width: 486px) 100vw, 486px\" \/><\/p>\n<p>Das neue Lager wird am 1. November eingeweiht. Die neuen Einrichtungen befinden sich innerhalb unserer eigenen Einrichtungen im Pol\u00edgono El Campillo de Zuera (Zaragoza) und dank ihnen werde wir von einer <strong>effizienteren Verwaltung profitieren<\/strong>.<\/p>\n<p>Die neue Erweiterung wird mit der notwendigen <strong>Infrastruktur und Dienstleistungen<\/strong> ausgestattet und tr\u00e4gt so zu unserer kontinuierlichen und nachhaltigen Entwicklung bei.<\/p>\n<p>Mit dieser Investition festigen wir die Basis f\u00fcr weiteres <strong>Wachstum in der Zukunft und st\u00e4rken damit <\/strong>unsere Wettbewerbsf\u00e4higkeit am Markt.<\/p>\n<p>&nbsp;<\/p>\n<p><strong>MODISPREM-Kommunikationsabteilung<\/strong><\/p>\n<p>&nbsp;<\/p>\n<p>&nbsp;<\/p>\n","protected":false},"excerpt":{"rendered":"<p>Wir haben unsere R\u00e4umlichkeiten im Zuera-Werk um 5.000 m2 erweitert. Wir haben ein neues Lager mit einer Fl\u00e4che von 2.000 m\u00b2 und einer \u00fcberdachten Fl\u00e4che von \u00fcber 18.000 m\u00b2 gebaut. Modisprem w\u00e4chst so, um der wachsenden Nachfrage unserer Kunden und des Marktes gerecht zu werden. &nbsp; Das neue Lager wird am 1. November eingeweiht. Die&#8230;<\/p>\n","protected":false},"author":1,"featured_media":5113,"comment_status":"closed","ping_status":"closed","sticky":false,"template":"","format":"standard","meta":{"footnotes":""},"categories":[30],"tags":[],"class_list":["post-5093","post","type-post","status-publish","format-standard","has-post-thumbnail","hentry","category-corporativas-de"],"_links":{"self":[{"href":"https:\/\/modisprem.com\/de\/wp-json\/wp\/v2\/posts\/5093","targetHints":{"allow":["GET"]}}],"collection":[{"href":"https:\/\/modisprem.com\/de\/wp-json\/wp\/v2\/posts"}],"about":[{"href":"https:\/\/modisprem.com\/de\/wp-json\/wp\/v2\/types\/post"}],"author":[{"embeddable":true,"href":"https:\/\/modisprem.com\/de\/wp-json\/wp\/v2\/users\/1"}],"replies":[{"embeddable":true,"href":"https:\/\/modisprem.com\/de\/wp-json\/wp\/v2\/comments?post=5093"}],"version-history":[{"count":3,"href":"https:\/\/modisprem.com\/de\/wp-json\/wp\/v2\/posts\/5093\/revisions"}],"predecessor-version":[{"id":5102,"href":"https:\/\/modisprem.com\/de\/wp-json\/wp\/v2\/posts\/5093\/revisions\/5102"}],"wp:featuredmedia":[{"embeddable":true,"href":"https:\/\/modisprem.com\/de\/wp-json\/wp\/v2\/media\/5113"}],"wp:attachment":[{"href":"https:\/\/modisprem.com\/de\/wp-json\/wp\/v2\/media?parent=5093"}],"wp:term":[{"taxonomy":"category","embeddable":true,"href":"https:\/\/modisprem.com\/de\/wp-json\/wp\/v2\/categories?post=5093"},{"taxonomy":"post_tag","embeddable":true,"href":"https:\/\/modisprem.com\/de\/wp-json\/wp\/v2\/tags?post=5093"}],"curies":[{"name":"wp","href":"https:\/\/api.w.org\/{rel}","templated":true}]}}